{"id":181,"date":"2025-02-11T08:43:26","date_gmt":"2025-02-11T07:43:26","guid":{"rendered":"https:\/\/acpcchampigneulles.fr\/?p=181"},"modified":"2025-05-29T10:30:33","modified_gmt":"2025-05-29T08:30:33","slug":"zone-des-vergers-acpc-force-de-proposition","status":"publish","type":"post","link":"https:\/\/acpcchampigneulles.fr\/index.php\/2025\/02\/11\/zone-des-vergers-acpc-force-de-proposition\/","title":{"rendered":"Zone des Vergers, ACPC force de proposition, sans r\u00e9ponses de la part de la majorit\u00e9"},"content":{"rendered":"\n<p><strong>Mars<\/strong> : Un mois apr\u00e8s l&rsquo;envoi de 20 propositions , aucune r\u00e9ponse de la mairie de Champigneulles et de la CCBP. Va t&rsquo;on vers une b\u00e9tonisation, aussi, des discussions ? <\/p>\n\n\n\n<p>F\u00e9vrier 2025: L&rsquo;artificialisation de la zone des vergers pr\u00e9vue dans le plan d&rsquo;urbanisme doit selon nous \u00eatre r\u00e9\u00e9tudi\u00e9e pour en r\u00e9duire l&rsquo;impact sur la faune et la flore ainsi que sur les nuisances aux habitants (circulation, bruit, pollution). ACPC, dont les \u00e9lus n&rsquo;ont pas encore \u00e9t\u00e9 concert\u00e9s, va demander une rencontre avec les d\u00e9cideurs (CCBP et mairie de Champigneulles) ainsi qu&rsquo;\u00e0 la soci\u00e9t\u00e9 charg\u00e9e de l&rsquo;am\u00e9nagement. Nous y ferons beaucoup de propositions pour pr\u00e9server la nature et les humains.<\/p>\n","protected":false},"excerpt":{"rendered":"<p>Mars : Un mois apr\u00e8s l&rsquo;envoi de 20 propositions , aucune r\u00e9ponse de la mairie de Champigneulles et de la CCBP. Va t&rsquo;on vers une b\u00e9tonisation, aussi, des discussions ? F\u00e9vrier 2025: L&rsquo;artificialisation de la zone des vergers pr\u00e9vue dans le plan d&rsquo;urbanisme doit selon nous \u00eatre r\u00e9\u00e9tudi\u00e9e pour en r\u00e9duire l&rsquo;impact sur la faune et la flore ainsi que sur les nuisances aux habitants (circulation, bruit, pollution). ACPC, dont les \u00e9lus n&rsquo;ont pas encore \u00e9t\u00e9 concert\u00e9s, va demander une&#8230;<\/p>\n<p class=\"read-more\"><a class=\"btn btn-default\" href=\"https:\/\/acpcchampigneulles.fr\/index.php\/2025\/02\/11\/zone-des-vergers-acpc-force-de-proposition\/\">Lire la suite<span class=\"screen-reader-text\"> Lire la suite<\/span><\/a><\/p>\n","protected":false},"author":2,"featured_media":0,"comment_status":"closed","ping_status":"closed","sticky":false,"template":"","format":"standard","meta":{"footnotes":""},"categories":[11,15],"tags":[],"class_list":["post-181","post","type-post","status-publish","format-standard","hentry","category-ecologie","category-responsabilite"],"_links":{"self":[{"href":"https:\/\/acpcchampigneulles.fr\/index.php\/wp-json\/wp\/v2\/posts\/181","targetHints":{"allow":["GET"]}}],"collection":[{"href":"https:\/\/acpcchampigneulles.fr\/index.php\/wp-json\/wp\/v2\/posts"}],"about":[{"href":"https:\/\/acpcchampigneulles.fr\/index.php\/wp-json\/wp\/v2\/types\/post"}],"author":[{"embeddable":true,"href":"https:\/\/acpcchampigneulles.fr\/index.php\/wp-json\/wp\/v2\/users\/2"}],"replies":[{"embeddable":true,"href":"https:\/\/acpcchampigneulles.fr\/index.php\/wp-json\/wp\/v2\/comments?post=181"}],"version-history":[{"count":4,"href":"https:\/\/acpcchampigneulles.fr\/index.php\/wp-json\/wp\/v2\/posts\/181\/revisions"}],"predecessor-version":[{"id":193,"href":"https:\/\/acpcchampigneulles.fr\/index.php\/wp-json\/wp\/v2\/posts\/181\/revisions\/193"}],"wp:attachment":[{"href":"https:\/\/acpcchampigneulles.fr\/index.php\/wp-json\/wp\/v2\/media?parent=181"}],"wp:term":[{"taxonomy":"category","embeddable":true,"href":"https:\/\/acpcchampigneulles.fr\/index.php\/wp-json\/wp\/v2\/categories?post=181"},{"taxonomy":"post_tag","embeddable":true,"href":"https:\/\/acpcchampigneulles.fr\/index.php\/wp-json\/wp\/v2\/tags?post=181"}],"curies":[{"name":"wp","href":"https:\/\/api.w.org\/{rel}","templated":true}]}}