{"id":231,"date":"2025-05-29T17:56:58","date_gmt":"2025-05-29T15:56:58","guid":{"rendered":"https:\/\/acpcchampigneulles.fr\/?p=231"},"modified":"2025-06-30T11:50:42","modified_gmt":"2025-06-30T09:50:42","slug":"de-la-non-democratie-en-municipalite","status":"publish","type":"post","link":"https:\/\/acpcchampigneulles.fr\/index.php\/2025\/05\/29\/de-la-non-democratie-en-municipalite\/","title":{"rendered":"De la (non) d\u00e9mocratie en municipalit\u00e9"},"content":{"rendered":"\n<p>En f\u00e9vrier 2025 les \u00e9lus municipaux, repr\u00e9sentant une part non n\u00e9gligeable de la population, ont \u00e9crit au pr\u00e9sident de la communaut\u00e9 de communes du Bassin de Pompey et au maire de Champigneulles pour demander \u00e0 \u00eatre re\u00e7us pour d\u00e9battre de  20 pistes d&rsquo;am\u00e9liorations de leur projet d&rsquo;artificialisation des sols dans la zone des vergers de Champigneulles (pour rappel il s&rsquo;agit de raser la for\u00eat en devenir et de d\u00e9truire un espace agricole pour du logement et de l&rsquo;activit\u00e9). La r\u00e9ponse est arriv\u00e9e en mai soit 3 mois plus tard avec le bla bla habituel (\u00ab\u00a0merci de vos propositions\u00a0\u00bb bla bla ) et pas de RV . C&rsquo;est ainsi que se passe la concertation \u00e0 Champigneulles o\u00f9 les \u00e9lus en place depuis 2020 n&rsquo;ont pas \u00e9t\u00e9 r\u00e9unis sur le sujet de cet am\u00e9nagement anti \u00e9cologiste et totalement d\u00e9pass\u00e9 . <\/p>\n\n\n\n<p><\/p>\n","protected":false},"excerpt":{"rendered":"<p>En f\u00e9vrier 2025 les \u00e9lus municipaux, repr\u00e9sentant une part non n\u00e9gligeable de la population, ont \u00e9crit au pr\u00e9sident de la communaut\u00e9 de communes du Bassin de Pompey et au maire de Champigneulles pour demander \u00e0 \u00eatre re\u00e7us pour d\u00e9battre de 20 pistes d&rsquo;am\u00e9liorations de leur projet d&rsquo;artificialisation des sols dans la zone des vergers de Champigneulles (pour rappel il s&rsquo;agit de raser la for\u00eat en devenir et de d\u00e9truire un espace agricole pour du logement et de l&rsquo;activit\u00e9). La r\u00e9ponse&#8230;<\/p>\n<p class=\"read-more\"><a class=\"btn btn-default\" href=\"https:\/\/acpcchampigneulles.fr\/index.php\/2025\/05\/29\/de-la-non-democratie-en-municipalite\/\">Lire la suite<span class=\"screen-reader-text\"> Lire la suite<\/span><\/a><\/p>\n","protected":false},"author":2,"featured_media":0,"comment_status":"closed","ping_status":"closed","sticky":false,"template":"","format":"standard","meta":{"footnotes":""},"categories":[10],"tags":[],"class_list":["post-231","post","type-post","status-publish","format-standard","hentry","category-democratie"],"_links":{"self":[{"href":"https:\/\/acpcchampigneulles.fr\/index.php\/wp-json\/wp\/v2\/posts\/231","targetHints":{"allow":["GET"]}}],"collection":[{"href":"https:\/\/acpcchampigneulles.fr\/index.php\/wp-json\/wp\/v2\/posts"}],"about":[{"href":"https:\/\/acpcchampigneulles.fr\/index.php\/wp-json\/wp\/v2\/types\/post"}],"author":[{"embeddable":true,"href":"https:\/\/acpcchampigneulles.fr\/index.php\/wp-json\/wp\/v2\/users\/2"}],"replies":[{"embeddable":true,"href":"https:\/\/acpcchampigneulles.fr\/index.php\/wp-json\/wp\/v2\/comments?post=231"}],"version-history":[{"count":1,"href":"https:\/\/acpcchampigneulles.fr\/index.php\/wp-json\/wp\/v2\/posts\/231\/revisions"}],"predecessor-version":[{"id":232,"href":"https:\/\/acpcchampigneulles.fr\/index.php\/wp-json\/wp\/v2\/posts\/231\/revisions\/232"}],"wp:attachment":[{"href":"https:\/\/acpcchampigneulles.fr\/index.php\/wp-json\/wp\/v2\/media?parent=231"}],"wp:term":[{"taxonomy":"category","embeddable":true,"href":"https:\/\/acpcchampigneulles.fr\/index.php\/wp-json\/wp\/v2\/categories?post=231"},{"taxonomy":"post_tag","embeddable":true,"href":"https:\/\/acpcchampigneulles.fr\/index.php\/wp-json\/wp\/v2\/tags?post=231"}],"curies":[{"name":"wp","href":"https:\/\/api.w.org\/{rel}","templated":true}]}}