{"id":233,"date":"2025-05-29T18:03:39","date_gmt":"2025-05-29T16:03:39","guid":{"rendered":"https:\/\/acpcchampigneulles.fr\/?p=233"},"modified":"2025-06-30T11:51:31","modified_gmt":"2025-06-30T09:51:31","slug":"poubelles-blues","status":"publish","type":"post","link":"https:\/\/acpcchampigneulles.fr\/index.php\/2025\/05\/29\/poubelles-blues\/","title":{"rendered":"Poubelles blues"},"content":{"rendered":"\n<p>Des habitants Champigneullais s&rsquo;inqui\u00e8tent de l&rsquo;\u00e9t\u00e9 qui approche et du risque de putr\u00e9faction dans les poubelles d\u00e9sormais ramass\u00e9es moins souvent. En 2023 les \u00e9lus ACPC ont alert\u00e9 sur les risques et demand\u00e9 qu&rsquo;une \u00e9valuation soit faite des cons\u00e9quences. La r\u00e9ponse a \u00e9t\u00e9 rapide \u00ab\u00a0Un temps de bilan sera organis\u00e9 suite \u00e0 la p\u00e9riode estivale et les moyens et outils n\u00e9cessaires seront d\u00e9ploy\u00e9s pour am\u00e9liorer les situations d\u00e9licates &#8230;\u00a0\u00bb 2 ans apr\u00e8s aucun retour ne nous a \u00e9t\u00e9 fait quant \u00e0 ce bilan et ces moyens &#8230; Pas d&rsquo;info au conseil municipal&#8230; Pourvu que l&rsquo;\u00e9t\u00e9 ne soit pas trop chaud ! <\/p>\n\n\n\n<p>Des containers moches et incitant au d\u00e9p\u00f4t sauvage ? Il y a quelques mois ont \u00e9t\u00e9 install\u00e9s des containers dans les rues de la ville. Aucune communication n&rsquo;a \u00e9t\u00e9 faite au conseil municipal et aucune concertation sur la \u00ab\u00a0fa\u00e7on de faire\u00a0\u00bb. Nous aurions dit qu&rsquo;il fallait les ouvrir \u00e0 tous et pas seulement \u00e0 ceux qui ont un badge et qui par d\u00e9finition peuvent le perdre ou l&rsquo;oublier. D\u00e9j\u00e0 les premiers probl\u00e8mes surviennent , au del\u00e0 du fait qu&rsquo;il s&rsquo;agit l\u00e0 d&rsquo;une nouvelle pollution visuelle, avec des sacs pos\u00e9s \u00e0 c\u00f4t\u00e9 ou dans les bacs gris des r\u00e9sidents qui se retrouvent pendant 15 jours avec les poubelles des autres dans leur garage. <\/p>\n","protected":false},"excerpt":{"rendered":"<p>Des habitants Champigneullais s&rsquo;inqui\u00e8tent de l&rsquo;\u00e9t\u00e9 qui approche et du risque de putr\u00e9faction dans les poubelles d\u00e9sormais ramass\u00e9es moins souvent. En 2023 les \u00e9lus ACPC ont alert\u00e9 sur les risques et demand\u00e9 qu&rsquo;une \u00e9valuation soit faite des cons\u00e9quences. La r\u00e9ponse a \u00e9t\u00e9 rapide \u00ab\u00a0Un temps de bilan sera organis\u00e9 suite \u00e0 la p\u00e9riode estivale et les moyens et outils n\u00e9cessaires seront d\u00e9ploy\u00e9s pour am\u00e9liorer les situations d\u00e9licates &#8230;\u00a0\u00bb 2 ans apr\u00e8s aucun retour ne nous a \u00e9t\u00e9 fait quant \u00e0&#8230;<\/p>\n<p class=\"read-more\"><a class=\"btn btn-default\" href=\"https:\/\/acpcchampigneulles.fr\/index.php\/2025\/05\/29\/poubelles-blues\/\">Lire la suite<span class=\"screen-reader-text\"> Lire la suite<\/span><\/a><\/p>\n","protected":false},"author":2,"featured_media":0,"comment_status":"closed","ping_status":"closed","sticky":false,"template":"","format":"standard","meta":{"footnotes":""},"categories":[10,15],"tags":[],"class_list":["post-233","post","type-post","status-publish","format-standard","hentry","category-democratie","category-responsabilite"],"_links":{"self":[{"href":"https:\/\/acpcchampigneulles.fr\/index.php\/wp-json\/wp\/v2\/posts\/233","targetHints":{"allow":["GET"]}}],"collection":[{"href":"https:\/\/acpcchampigneulles.fr\/index.php\/wp-json\/wp\/v2\/posts"}],"about":[{"href":"https:\/\/acpcchampigneulles.fr\/index.php\/wp-json\/wp\/v2\/types\/post"}],"author":[{"embeddable":true,"href":"https:\/\/acpcchampigneulles.fr\/index.php\/wp-json\/wp\/v2\/users\/2"}],"replies":[{"embeddable":true,"href":"https:\/\/acpcchampigneulles.fr\/index.php\/wp-json\/wp\/v2\/comments?post=233"}],"version-history":[{"count":2,"href":"https:\/\/acpcchampigneulles.fr\/index.php\/wp-json\/wp\/v2\/posts\/233\/revisions"}],"predecessor-version":[{"id":242,"href":"https:\/\/acpcchampigneulles.fr\/index.php\/wp-json\/wp\/v2\/posts\/233\/revisions\/242"}],"wp:attachment":[{"href":"https:\/\/acpcchampigneulles.fr\/index.php\/wp-json\/wp\/v2\/media?parent=233"}],"wp:term":[{"taxonomy":"category","embeddable":true,"href":"https:\/\/acpcchampigneulles.fr\/index.php\/wp-json\/wp\/v2\/categories?post=233"},{"taxonomy":"post_tag","embeddable":true,"href":"https:\/\/acpcchampigneulles.fr\/index.php\/wp-json\/wp\/v2\/tags?post=233"}],"curies":[{"name":"wp","href":"https:\/\/api.w.org\/{rel}","templated":true}]}}