{"id":243,"date":"2025-06-12T10:06:17","date_gmt":"2025-06-12T08:06:17","guid":{"rendered":"https:\/\/acpcchampigneulles.fr\/?p=243"},"modified":"2025-06-30T09:55:44","modified_gmt":"2025-06-30T07:55:44","slug":"zone-des-vergers-restitution","status":"publish","type":"post","link":"https:\/\/acpcchampigneulles.fr\/index.php\/2025\/06\/12\/zone-des-vergers-restitution\/","title":{"rendered":"Zone des vergers : Restitution"},"content":{"rendered":"\n<p>Le 5 juin le maire de Champigneulles et le pr\u00e9sident de la CCBP ont, lors d&rsquo;une r\u00e9union publique rassemblant \u00e0 grand peine 50 personnes, pr\u00e9sent\u00e9 leur projet pour la zone des vergers. Leur projet puisque jamais il n&rsquo;a \u00e9t\u00e9 d\u00e9battu, plans \u00e0 l&rsquo;appui, avec les conseillers municipaux. <\/p>\n\n\n\n<p>Nous avons constat\u00e9 une r\u00e9duction de l&rsquo;espace qui sera artificialis\u00e9 , tant mieux que nos multiples appels \u00e0 la raison commencent \u00e0 \u00eatre entendus. Ce n&rsquo;est pas encore suffisant. <\/p>\n\n\n\n<p>L&rsquo;impact sur la for\u00eat en devenir reste majeur pour construire du logement neuf (Nous consid\u00e9rons que c&rsquo;est un pari risqu\u00e9 car la Meurthe et Moselle perd des habitants). L&rsquo;impact sur la circulation dans la ville sera majeur \u00e9galement&#8230; <\/p>\n\n\n\n<p>Grand flu sur la partie basse et la zone d&rsquo;activit\u00e9 , sinon l&rsquo;engagement \u00e0 \u00e9viter des hangars d&rsquo;investisseurs .. \u00e0 suivre<\/p>\n","protected":false},"excerpt":{"rendered":"<p>Le 5 juin le maire de Champigneulles et le pr\u00e9sident de la CCBP ont, lors d&rsquo;une r\u00e9union publique rassemblant \u00e0 grand peine 50 personnes, pr\u00e9sent\u00e9 leur projet pour la zone des vergers. Leur projet puisque jamais il n&rsquo;a \u00e9t\u00e9 d\u00e9battu, plans \u00e0 l&rsquo;appui, avec les conseillers municipaux. Nous avons constat\u00e9 une r\u00e9duction de l&rsquo;espace qui sera artificialis\u00e9 , tant mieux que nos multiples appels \u00e0 la raison commencent \u00e0 \u00eatre entendus. Ce n&rsquo;est pas encore suffisant. L&rsquo;impact sur la for\u00eat&#8230;<\/p>\n<p class=\"read-more\"><a class=\"btn btn-default\" href=\"https:\/\/acpcchampigneulles.fr\/index.php\/2025\/06\/12\/zone-des-vergers-restitution\/\">Lire la suite<span class=\"screen-reader-text\"> Lire la suite<\/span><\/a><\/p>\n","protected":false},"author":2,"featured_media":0,"comment_status":"closed","ping_status":"closed","sticky":false,"template":"","format":"standard","meta":{"footnotes":""},"categories":[10,11,15],"tags":[],"class_list":["post-243","post","type-post","status-publish","format-standard","hentry","category-democratie","category-ecologie","category-responsabilite"],"_links":{"self":[{"href":"https:\/\/acpcchampigneulles.fr\/index.php\/wp-json\/wp\/v2\/posts\/243","targetHints":{"allow":["GET"]}}],"collection":[{"href":"https:\/\/acpcchampigneulles.fr\/index.php\/wp-json\/wp\/v2\/posts"}],"about":[{"href":"https:\/\/acpcchampigneulles.fr\/index.php\/wp-json\/wp\/v2\/types\/post"}],"author":[{"embeddable":true,"href":"https:\/\/acpcchampigneulles.fr\/index.php\/wp-json\/wp\/v2\/users\/2"}],"replies":[{"embeddable":true,"href":"https:\/\/acpcchampigneulles.fr\/index.php\/wp-json\/wp\/v2\/comments?post=243"}],"version-history":[{"count":1,"href":"https:\/\/acpcchampigneulles.fr\/index.php\/wp-json\/wp\/v2\/posts\/243\/revisions"}],"predecessor-version":[{"id":244,"href":"https:\/\/acpcchampigneulles.fr\/index.php\/wp-json\/wp\/v2\/posts\/243\/revisions\/244"}],"wp:attachment":[{"href":"https:\/\/acpcchampigneulles.fr\/index.php\/wp-json\/wp\/v2\/media?parent=243"}],"wp:term":[{"taxonomy":"category","embeddable":true,"href":"https:\/\/acpcchampigneulles.fr\/index.php\/wp-json\/wp\/v2\/categories?post=243"},{"taxonomy":"post_tag","embeddable":true,"href":"https:\/\/acpcchampigneulles.fr\/index.php\/wp-json\/wp\/v2\/tags?post=243"}],"curies":[{"name":"wp","href":"https:\/\/api.w.org\/{rel}","templated":true}]}}