{"id":273,"date":"2025-08-31T16:49:02","date_gmt":"2025-08-31T14:49:02","guid":{"rendered":"https:\/\/acpcchampigneulles.fr\/?p=273"},"modified":"2025-08-31T16:49:02","modified_gmt":"2025-08-31T14:49:02","slug":"elections-municipales-15-et-22-mars-2026","status":"publish","type":"post","link":"https:\/\/acpcchampigneulles.fr\/index.php\/2025\/08\/31\/elections-municipales-15-et-22-mars-2026\/","title":{"rendered":"Elections municipales : 15 et 22 mars 2026"},"content":{"rendered":"\n<p>La date des \u00e9lections municipales est fix\u00e9e : elles se tiendront les 15 et 22 mars prochains. Ce sera l&rsquo;occasion de d\u00e9battre de l&rsquo;avenir de notre ville &#8230; <\/p>\n\n\n\n<ul class=\"wp-block-list\">\n<li>Faut-il vraiment b\u00e9tonner la zone des vergers ?<\/li>\n\n\n\n<li>Faut-il vraiment privil\u00e9gier le ch\u00e2teau au d\u00e9triment du fonctionnement municipal ?<\/li>\n\n\n\n<li>Faut-il continuer \u00e0 d\u00e9penser des sommes folles pour des cam\u00e9ras de surveillance ?<\/li>\n\n\n\n<li>Faut-il toujours et encore pr\u00e9f\u00e9rer le r\u00e9cit (la com&rsquo; , la com&rsquo;..) au r\u00e9el ? <\/li>\n\n\n\n<li>Ne devrait-on pas r\u00e9tablir un dialogue social constructif ?<\/li>\n\n\n\n<li>Ne devrait-on pas faire de la vraie d\u00e9mocratie ?<\/li>\n\n\n\n<li>Ne devrait-on pas s&rsquo;attaquer de front aux difficult\u00e9s sociales ?<\/li>\n\n\n\n<li>Etc..<\/li>\n<\/ul>\n","protected":false},"excerpt":{"rendered":"<p>La date des \u00e9lections municipales est fix\u00e9e : elles se tiendront les 15 et 22 mars prochains. Ce sera l&rsquo;occasion de d\u00e9battre de l&rsquo;avenir de notre ville &#8230;<\/p>\n","protected":false},"author":2,"featured_media":0,"comment_status":"closed","ping_status":"closed","sticky":false,"template":"","format":"standard","meta":{"footnotes":""},"categories":[10,11,15,14],"tags":[],"class_list":["post-273","post","type-post","status-publish","format-standard","hentry","category-democratie","category-ecologie","category-responsabilite","category-solidarite"],"_links":{"self":[{"href":"https:\/\/acpcchampigneulles.fr\/index.php\/wp-json\/wp\/v2\/posts\/273","targetHints":{"allow":["GET"]}}],"collection":[{"href":"https:\/\/acpcchampigneulles.fr\/index.php\/wp-json\/wp\/v2\/posts"}],"about":[{"href":"https:\/\/acpcchampigneulles.fr\/index.php\/wp-json\/wp\/v2\/types\/post"}],"author":[{"embeddable":true,"href":"https:\/\/acpcchampigneulles.fr\/index.php\/wp-json\/wp\/v2\/users\/2"}],"replies":[{"embeddable":true,"href":"https:\/\/acpcchampigneulles.fr\/index.php\/wp-json\/wp\/v2\/comments?post=273"}],"version-history":[{"count":1,"href":"https:\/\/acpcchampigneulles.fr\/index.php\/wp-json\/wp\/v2\/posts\/273\/revisions"}],"predecessor-version":[{"id":274,"href":"https:\/\/acpcchampigneulles.fr\/index.php\/wp-json\/wp\/v2\/posts\/273\/revisions\/274"}],"wp:attachment":[{"href":"https:\/\/acpcchampigneulles.fr\/index.php\/wp-json\/wp\/v2\/media?parent=273"}],"wp:term":[{"taxonomy":"category","embeddable":true,"href":"https:\/\/acpcchampigneulles.fr\/index.php\/wp-json\/wp\/v2\/categories?post=273"},{"taxonomy":"post_tag","embeddable":true,"href":"https:\/\/acpcchampigneulles.fr\/index.php\/wp-json\/wp\/v2\/tags?post=273"}],"curies":[{"name":"wp","href":"https:\/\/api.w.org\/{rel}","templated":true}]}}