{"id":280,"date":"2025-09-30T21:32:07","date_gmt":"2025-09-30T19:32:07","guid":{"rendered":"https:\/\/acpcchampigneulles.fr\/?p=280"},"modified":"2025-11-01T17:51:33","modified_gmt":"2025-11-01T16:51:33","slug":"soutenons-les-entreprises-locales","status":"publish","type":"post","link":"https:\/\/acpcchampigneulles.fr\/index.php\/2025\/09\/30\/soutenons-les-entreprises-locales\/","title":{"rendered":"Soutenons les entreprises locales"},"content":{"rendered":"\n<p><strong>Octobre 2025 :<\/strong> \u00c0 Pompey, l\u2019entreprise UPM Raflatac, sp\u00e9cialis\u00e9e dans le papier adh\u00e9sif et les \u00e9tiquettes, <br>envisage la suppression de 82 postes sur 146 dans le cadre d\u2019une r\u00e9organisation visant \u00e0<br>accro\u00eetre sa comp\u00e9titivit\u00e9. 50 postes avaient d\u00e9j\u00e0 \u00e9t\u00e9 supprim\u00e9s en 2023. <strong>Nous appelons le maire de Champigneulles \u00e0 mettre au vote lors du prochain conseil municipal une motion s&rsquo;opposant \u00e0 ces suppressions de postes et demandant \u00e0 l&rsquo;\u00e9tat de prot\u00e9ger l\u2019emploi, les savoir-faire et la dignit\u00e9 des salari\u00e9s et leurs proches.<\/strong><\/p>\n\n\n\n<p><strong>Novembre 2025 : <\/strong>M. le maire de Champigneulles a r\u00e9pondu par la n\u00e9gative \u00e0 notre demande pourtant symbolique. L&rsquo;argument est que cette entreprise n&rsquo;est pas sise sur notre commune mais que la CCBP est en contact avec les diff\u00e9rents interlocuteurs et est partie prenante pour d\u00e9fendre l&rsquo;outil industriel local.<\/p>\n\n\n\n<p><\/p>\n","protected":false},"excerpt":{"rendered":"<p>Octobre 2025 : \u00c0 Pompey, l\u2019entreprise UPM Raflatac, sp\u00e9cialis\u00e9e dans le papier adh\u00e9sif et les \u00e9tiquettes, envisage la suppression de 82 postes sur 146 dans le cadre d\u2019une r\u00e9organisation visant \u00e0accro\u00eetre sa comp\u00e9titivit\u00e9. 50 postes avaient d\u00e9j\u00e0 \u00e9t\u00e9 supprim\u00e9s en 2023. Nous appelons le maire de Champigneulles \u00e0 mettre au vote lors du prochain conseil municipal une motion s&rsquo;opposant \u00e0 ces suppressions de postes et demandant \u00e0 l&rsquo;\u00e9tat de prot\u00e9ger l\u2019emploi, les savoir-faire et la dignit\u00e9 des salari\u00e9s et leurs&#8230;<\/p>\n<p class=\"read-more\"><a class=\"btn btn-default\" href=\"https:\/\/acpcchampigneulles.fr\/index.php\/2025\/09\/30\/soutenons-les-entreprises-locales\/\">Lire la suite<span class=\"screen-reader-text\"> Lire la suite<\/span><\/a><\/p>\n","protected":false},"author":2,"featured_media":0,"comment_status":"closed","ping_status":"closed","sticky":false,"template":"","format":"standard","meta":{"footnotes":""},"categories":[15,14],"tags":[],"class_list":["post-280","post","type-post","status-publish","format-standard","hentry","category-responsabilite","category-solidarite"],"_links":{"self":[{"href":"https:\/\/acpcchampigneulles.fr\/index.php\/wp-json\/wp\/v2\/posts\/280","targetHints":{"allow":["GET"]}}],"collection":[{"href":"https:\/\/acpcchampigneulles.fr\/index.php\/wp-json\/wp\/v2\/posts"}],"about":[{"href":"https:\/\/acpcchampigneulles.fr\/index.php\/wp-json\/wp\/v2\/types\/post"}],"author":[{"embeddable":true,"href":"https:\/\/acpcchampigneulles.fr\/index.php\/wp-json\/wp\/v2\/users\/2"}],"replies":[{"embeddable":true,"href":"https:\/\/acpcchampigneulles.fr\/index.php\/wp-json\/wp\/v2\/comments?post=280"}],"version-history":[{"count":3,"href":"https:\/\/acpcchampigneulles.fr\/index.php\/wp-json\/wp\/v2\/posts\/280\/revisions"}],"predecessor-version":[{"id":290,"href":"https:\/\/acpcchampigneulles.fr\/index.php\/wp-json\/wp\/v2\/posts\/280\/revisions\/290"}],"wp:attachment":[{"href":"https:\/\/acpcchampigneulles.fr\/index.php\/wp-json\/wp\/v2\/media?parent=280"}],"wp:term":[{"taxonomy":"category","embeddable":true,"href":"https:\/\/acpcchampigneulles.fr\/index.php\/wp-json\/wp\/v2\/categories?post=280"},{"taxonomy":"post_tag","embeddable":true,"href":"https:\/\/acpcchampigneulles.fr\/index.php\/wp-json\/wp\/v2\/tags?post=280"}],"curies":[{"name":"wp","href":"https:\/\/api.w.org\/{rel}","templated":true}]}}