{"id":292,"date":"2025-11-16T09:54:49","date_gmt":"2025-11-16T08:54:49","guid":{"rendered":"https:\/\/acpcchampigneulles.fr\/?p=292"},"modified":"2025-11-16T09:56:18","modified_gmt":"2025-11-16T08:56:18","slug":"commemorations-inscrivons-la-memoire-dans-lavenir","status":"publish","type":"post","link":"https:\/\/acpcchampigneulles.fr\/index.php\/2025\/11\/16\/commemorations-inscrivons-la-memoire-dans-lavenir\/","title":{"rendered":"Comm\u00e9morations : Inscrivons la m\u00e9moire dans l&rsquo;avenir"},"content":{"rendered":"\n<p class=\"has-vivid-purple-color has-text-color has-link-color wp-elements-4dbcb5f1b9a3b1fc7247863e84c75645\">Le 11 novembre ACPC \u00e9tait repr\u00e9sent\u00e9e lors de la comm\u00e9moration de l&rsquo;armistice de la premi\u00e8re guerre mondiale par son pr\u00e9sident et \u00e9lu au conseil municipal Xavier Galus. Ce rassemblement du 11 novembre est \u00e9galement identifi\u00e9 en France comme l&rsquo;hommage \u00e0 tous les morts de toutes les guerres. Nous sommes convaincus que le devoir de m\u00e9moire est \u00e0 p\u00e9renniser, nous pensons aussi qu&rsquo;il convient de l&rsquo;inscrire dans l&rsquo;avenir.<\/p>\n\n\n\n<p class=\"has-vivid-purple-color has-white-background-color has-text-color has-background has-link-color wp-elements-3c4f7cfa84d79375ed7eabd21ae06f0d\">Durant ce mandant nous avons obtenu que soit respect\u00e9e \u00e0 Champigneulles la la\u00efcit\u00e9 dans les comm\u00e9morations, ce qui n&rsquo;\u00e9tait pas tout \u00e0 fait l&rsquo;habitude et le souhait de la majorit\u00e9. Nous pensons \u00e9galement qu&rsquo;il conviendrait de mieux respecter les moments forts, par exemple en coupant la circulation routi\u00e8re devant les monuments aux morts pendant les quelques minutes des discours et en bannissant la pr\u00e9sence des armes \u00e0 feux symboliques lors de ces \u00e9v\u00e9nements.<\/p>\n\n\n\n<p class=\"has-vivid-purple-color has-text-color has-link-color wp-elements-ce4ae48be4ab235fc2c227e69f244c37\">Enfin il convient sans doute de moderniser ces c\u00e9r\u00e9monies dans notre ville pour que les appels \u00e0 la paix et la tol\u00e9rance y soient prioritaires et mieux partag\u00e9s par toute la population. <\/p>\n","protected":false},"excerpt":{"rendered":"<p>Le 11 novembre ACPC \u00e9tait repr\u00e9sent\u00e9e lors de la comm\u00e9moration de l&rsquo;armistice de la premi\u00e8re guerre mondiale par son pr\u00e9sident et \u00e9lu au conseil municipal Xavier Galus. Ce rassemblement du 11 novembre est \u00e9galement identifi\u00e9 en France comme l&rsquo;hommage \u00e0 tous les morts de toutes les guerres. Nous sommes convaincus que le devoir de m\u00e9moire est \u00e0 p\u00e9renniser, nous pensons aussi qu&rsquo;il convient de l&rsquo;inscrire dans l&rsquo;avenir. Durant ce mandant nous avons obtenu que soit respect\u00e9e \u00e0 Champigneulles la la\u00efcit\u00e9&#8230;<\/p>\n<p class=\"read-more\"><a class=\"btn btn-default\" href=\"https:\/\/acpcchampigneulles.fr\/index.php\/2025\/11\/16\/commemorations-inscrivons-la-memoire-dans-lavenir\/\">Lire la suite<span class=\"screen-reader-text\"> Lire la suite<\/span><\/a><\/p>\n","protected":false},"author":2,"featured_media":0,"comment_status":"closed","ping_status":"closed","sticky":false,"template":"","format":"standard","meta":{"footnotes":""},"categories":[10,1,15],"tags":[],"class_list":["post-292","post","type-post","status-publish","format-standard","hentry","category-democratie","category-non-classe","category-responsabilite"],"_links":{"self":[{"href":"https:\/\/acpcchampigneulles.fr\/index.php\/wp-json\/wp\/v2\/posts\/292","targetHints":{"allow":["GET"]}}],"collection":[{"href":"https:\/\/acpcchampigneulles.fr\/index.php\/wp-json\/wp\/v2\/posts"}],"about":[{"href":"https:\/\/acpcchampigneulles.fr\/index.php\/wp-json\/wp\/v2\/types\/post"}],"author":[{"embeddable":true,"href":"https:\/\/acpcchampigneulles.fr\/index.php\/wp-json\/wp\/v2\/users\/2"}],"replies":[{"embeddable":true,"href":"https:\/\/acpcchampigneulles.fr\/index.php\/wp-json\/wp\/v2\/comments?post=292"}],"version-history":[{"count":3,"href":"https:\/\/acpcchampigneulles.fr\/index.php\/wp-json\/wp\/v2\/posts\/292\/revisions"}],"predecessor-version":[{"id":295,"href":"https:\/\/acpcchampigneulles.fr\/index.php\/wp-json\/wp\/v2\/posts\/292\/revisions\/295"}],"wp:attachment":[{"href":"https:\/\/acpcchampigneulles.fr\/index.php\/wp-json\/wp\/v2\/media?parent=292"}],"wp:term":[{"taxonomy":"category","embeddable":true,"href":"https:\/\/acpcchampigneulles.fr\/index.php\/wp-json\/wp\/v2\/categories?post=292"},{"taxonomy":"post_tag","embeddable":true,"href":"https:\/\/acpcchampigneulles.fr\/index.php\/wp-json\/wp\/v2\/tags?post=292"}],"curies":[{"name":"wp","href":"https:\/\/api.w.org\/{rel}","templated":true}]}}