{"id":297,"date":"2025-11-24T13:29:16","date_gmt":"2025-11-24T12:29:16","guid":{"rendered":"https:\/\/acpcchampigneulles.fr\/?p=297"},"modified":"2025-11-24T13:29:16","modified_gmt":"2025-11-24T12:29:16","slug":"le-maire-en-place-se-represente-pour-continuer-ensemble-mais-continuer-quoi","status":"publish","type":"post","link":"https:\/\/acpcchampigneulles.fr\/index.php\/2025\/11\/24\/le-maire-en-place-se-represente-pour-continuer-ensemble-mais-continuer-quoi\/","title":{"rendered":"Le maire en place se repr\u00e9sente pour \u00ab\u00a0continuer ensemble\u00a0\u00bb \u2026 mais continuer quoi ?"},"content":{"rendered":"\n<p>Fin novembre le maire de Champigneulles annonce qu&rsquo;il se repr\u00e9sentera en 2026&#8230; Aucune surprise, c&rsquo;\u00e9tait attendu. Il annonce vouloir \u00ab\u00a0continuer ensemble\u00a0\u00bb &#8230; mais continuer quoi ? \u00e0 augmenter les imp\u00f4ts ? \u00e0 faire du greenwashing ? la concertation alibi ? la r\u00e9duction des effectifs et des services ? etc.  Une chose est s\u00fbre la communication augmente \u2026 mais est-ce cela la politique au sens noble du terme ? Pas s\u00fbr ! <\/p>\n\n\n\n<p><\/p>\n","protected":false},"excerpt":{"rendered":"<p>Fin novembre le maire de Champigneulles annonce qu&rsquo;il se repr\u00e9sentera en 2026&#8230; Aucune surprise, c&rsquo;\u00e9tait attendu. Il annonce vouloir \u00ab\u00a0continuer ensemble\u00a0\u00bb &#8230; mais continuer quoi ? \u00e0 augmenter les imp\u00f4ts ? \u00e0 faire du greenwashing ? la concertation alibi ? la r\u00e9duction des effectifs et des services ? etc. Une chose est s\u00fbre la communication augmente \u2026 mais est-ce cela la politique au sens noble du terme ? Pas s\u00fbr !<\/p>\n","protected":false},"author":2,"featured_media":0,"comment_status":"closed","ping_status":"closed","sticky":false,"template":"","format":"standard","meta":{"footnotes":""},"categories":[10,1,15],"tags":[],"class_list":["post-297","post","type-post","status-publish","format-standard","hentry","category-democratie","category-non-classe","category-responsabilite"],"_links":{"self":[{"href":"https:\/\/acpcchampigneulles.fr\/index.php\/wp-json\/wp\/v2\/posts\/297","targetHints":{"allow":["GET"]}}],"collection":[{"href":"https:\/\/acpcchampigneulles.fr\/index.php\/wp-json\/wp\/v2\/posts"}],"about":[{"href":"https:\/\/acpcchampigneulles.fr\/index.php\/wp-json\/wp\/v2\/types\/post"}],"author":[{"embeddable":true,"href":"https:\/\/acpcchampigneulles.fr\/index.php\/wp-json\/wp\/v2\/users\/2"}],"replies":[{"embeddable":true,"href":"https:\/\/acpcchampigneulles.fr\/index.php\/wp-json\/wp\/v2\/comments?post=297"}],"version-history":[{"count":1,"href":"https:\/\/acpcchampigneulles.fr\/index.php\/wp-json\/wp\/v2\/posts\/297\/revisions"}],"predecessor-version":[{"id":298,"href":"https:\/\/acpcchampigneulles.fr\/index.php\/wp-json\/wp\/v2\/posts\/297\/revisions\/298"}],"wp:attachment":[{"href":"https:\/\/acpcchampigneulles.fr\/index.php\/wp-json\/wp\/v2\/media?parent=297"}],"wp:term":[{"taxonomy":"category","embeddable":true,"href":"https:\/\/acpcchampigneulles.fr\/index.php\/wp-json\/wp\/v2\/categories?post=297"},{"taxonomy":"post_tag","embeddable":true,"href":"https:\/\/acpcchampigneulles.fr\/index.php\/wp-json\/wp\/v2\/tags?post=297"}],"curies":[{"name":"wp","href":"https:\/\/api.w.org\/{rel}","templated":true}]}}