{"id":428,"date":"2026-03-13T21:15:03","date_gmt":"2026-03-13T20:15:03","guid":{"rendered":"https:\/\/acpcchampigneulles.fr\/?p=428"},"modified":"2026-03-13T21:15:52","modified_gmt":"2026-03-13T20:15:52","slug":"fin-de-campagne","status":"publish","type":"post","link":"https:\/\/acpcchampigneulles.fr\/index.php\/2026\/03\/13\/fin-de-campagne\/","title":{"rendered":"FIN DE CAMPAGNE"},"content":{"rendered":"\n<p class=\"has-vivid-cyan-blue-color has-text-color has-link-color wp-elements-239209a3f25c176aeb5a53f1c429d607\"><strong>13 mars , dernier jour de campagne \u00e9lectorale ! Collage d&rsquo;affiches, porte \u00e0 porte, convivialit\u00e9, ce vendredi a clos des semaines sur le terrain avec une \u00e9quipe formidable. Dimanche 15 mars le scrutin d\u00e9cidera qui de M. Dethou pour une gestion verticale et directive de la ville ou de l&rsquo;\u00e9quipe ACPC autour de Chlo\u00e9 Dellacherie et Xavier Galus pour une gestion collective et participative dirigera la mairie. Ce f\u00fbt une p\u00e9riode dense pour une campagne digne et engag\u00e9e o\u00f9 nous avons d\u00e9fendu nos valeurs. Les deux projets soumis au vote sont tr\u00e8s diff\u00e9rents, les \u00e9lecteurs jugeront . <\/strong><\/p>\n\n\n\n\n\n<figure class=\"wp-block-image size-full\"><img loading=\"lazy\" decoding=\"async\" width=\"602\" height=\"681\" src=\"https:\/\/acpcchampigneulles.fr\/wp-content\/uploads\/2026\/03\/pour-site.jpg\" alt=\"\" class=\"wp-image-429\" srcset=\"https:\/\/acpcchampigneulles.fr\/wp-content\/uploads\/2026\/03\/pour-site.jpg 602w, https:\/\/acpcchampigneulles.fr\/wp-content\/uploads\/2026\/03\/pour-site-265x300.jpg 265w, https:\/\/acpcchampigneulles.fr\/wp-content\/uploads\/2026\/03\/pour-site-239x270.jpg 239w\" sizes=\"auto, (max-width: 602px) 100vw, 602px\" \/><\/figure>\n","protected":false},"excerpt":{"rendered":"<p>13 mars , dernier jour de campagne \u00e9lectorale ! Collage d&rsquo;affiches, porte \u00e0 porte, convivialit\u00e9, ce vendredi a clos des semaines sur le terrain avec une \u00e9quipe formidable. Dimanche 15 mars le scrutin d\u00e9cidera qui de M. Dethou pour une gestion verticale et directive de la ville ou de l&rsquo;\u00e9quipe ACPC autour de Chlo\u00e9 Dellacherie et Xavier Galus pour une gestion collective et participative dirigera la mairie. Ce f\u00fbt une p\u00e9riode dense pour une campagne digne et engag\u00e9e o\u00f9 nous&#8230;<\/p>\n<p class=\"read-more\"><a class=\"btn btn-default\" href=\"https:\/\/acpcchampigneulles.fr\/index.php\/2026\/03\/13\/fin-de-campagne\/\">Lire la suite<span class=\"screen-reader-text\"> Lire la suite<\/span><\/a><\/p>\n","protected":false},"author":2,"featured_media":0,"comment_status":"closed","ping_status":"closed","sticky":false,"template":"","format":"standard","meta":{"footnotes":""},"categories":[10],"tags":[],"class_list":["post-428","post","type-post","status-publish","format-standard","hentry","category-democratie"],"_links":{"self":[{"href":"https:\/\/acpcchampigneulles.fr\/index.php\/wp-json\/wp\/v2\/posts\/428","targetHints":{"allow":["GET"]}}],"collection":[{"href":"https:\/\/acpcchampigneulles.fr\/index.php\/wp-json\/wp\/v2\/posts"}],"about":[{"href":"https:\/\/acpcchampigneulles.fr\/index.php\/wp-json\/wp\/v2\/types\/post"}],"author":[{"embeddable":true,"href":"https:\/\/acpcchampigneulles.fr\/index.php\/wp-json\/wp\/v2\/users\/2"}],"replies":[{"embeddable":true,"href":"https:\/\/acpcchampigneulles.fr\/index.php\/wp-json\/wp\/v2\/comments?post=428"}],"version-history":[{"count":1,"href":"https:\/\/acpcchampigneulles.fr\/index.php\/wp-json\/wp\/v2\/posts\/428\/revisions"}],"predecessor-version":[{"id":430,"href":"https:\/\/acpcchampigneulles.fr\/index.php\/wp-json\/wp\/v2\/posts\/428\/revisions\/430"}],"wp:attachment":[{"href":"https:\/\/acpcchampigneulles.fr\/index.php\/wp-json\/wp\/v2\/media?parent=428"}],"wp:term":[{"taxonomy":"category","embeddable":true,"href":"https:\/\/acpcchampigneulles.fr\/index.php\/wp-json\/wp\/v2\/categories?post=428"},{"taxonomy":"post_tag","embeddable":true,"href":"https:\/\/acpcchampigneulles.fr\/index.php\/wp-json\/wp\/v2\/tags?post=428"}],"curies":[{"name":"wp","href":"https:\/\/api.w.org\/{rel}","templated":true}]}}