{"id":61,"date":"2024-10-29T11:41:43","date_gmt":"2024-10-29T10:41:43","guid":{"rendered":"https:\/\/acpcchampigneulles.fr\/?p=61"},"modified":"2025-06-30T11:55:45","modified_gmt":"2025-06-30T09:55:45","slug":"essai-2","status":"publish","type":"post","link":"https:\/\/acpcchampigneulles.fr\/index.php\/2024\/10\/29\/essai-2\/","title":{"rendered":"le CV d&rsquo;ACPC"},"content":{"rendered":"\n<p><strong><em><u>Etat civil<\/u><\/em><\/strong>&nbsp;: Association loi de 1901 &nbsp;&nbsp;Date de naissance&nbsp;: printemps 2008<\/p>\n\n\n\n<p><strong><em><u>Objet de l\u2019association ACPC<\/u><\/em><\/strong><em>&nbsp;: <\/em>Lieu de d\u00e9bat et d\u2019action citoyenne, cette association a pour but de faire entendre et voir \u00e0 Champigneulles des id\u00e9es et des projets pour une soci\u00e9t\u00e9 plus juste et plus solidaire<\/p>\n\n\n\n<p><strong><em><u>Adresse<\/u>&nbsp;<\/em><\/strong>: 71 bis rue Jean Jaur\u00e8s 54250 Champigneulles (si\u00e8ge social) &#8230; Et toute la ville + la CCBP<\/p>\n\n\n\n<p><strong><em><u>Mail<\/u>&nbsp;<\/em><\/strong>: <a href=\"mailto:acpcchampi@laposte.net\">acpcchampi@laposte.net<\/a> T\u00e9l&nbsp;: 06 66 14 27 91<\/p>\n\n\n\n<p><strong><em><u>Genre<\/u>&nbsp;<\/em><\/strong>: Universel.le<\/p>\n\n\n\n<p><strong><em><u>Valeurs<\/u>&nbsp;<\/em><\/strong>: Ensemble, solidaires et responsables<\/p>\n\n\n\n<p><strong><em><u>Exp\u00e9rience<\/u>&nbsp;<\/em><\/strong>associative et en mati\u00e8re de politique locale :<\/p>\n\n\n\n<p>2008-2017&nbsp;: Observation de la vie communale.<\/p>\n\n\n\n<p>2017&nbsp;: D\u00e9cision de relancer l\u2019action humaniste, solidaire et \u00e9cologiste et de lutter contre la mont\u00e9e des id\u00e9es de l\u2019extr\u00eame droite<\/p>\n\n\n\n<p>2020&nbsp;: Pr\u00e9sentation d\u2019une liste aux \u00e9lections municipales affich\u00e9e \u00ab&nbsp;de gauche et \u00e9cologiste&nbsp;\u00bb<\/p>\n\n\n\n<p>2017 \u2013 aujourd\u2019hui&nbsp;: Actions&nbsp;\u00e0 p\u00e9riodicit\u00e9 variable : Journal d\u2019ACPC, Manifestations, Zones de gratuit\u00e9, promotion de la sant\u00e9, lutte pour les droits des femmes, permanences d\u2019\u00e9lus, appels \u00e0 voter, r\u00e9flexion collective sur des sujets soci\u00e9taux (accueil des d\u00e9munis, logement, r\u00e9chauffement climatique, participation \u00e0 tous les conseils municipaux (<em>Vote de 80% des d\u00e9lib\u00e9rations, Non vote concert\u00e9 en \u00e9quipe ACPC,<\/em> <em>opposition au budget de la ville<\/em>).\u2026.<\/p>\n\n\n\n<p><strong><em><u>En cours au 15 octobre 2024<\/u><\/em><\/strong>&nbsp;:<\/p>\n\n\n\n<ul class=\"wp-block-list\">\n<li>Recueil de t\u00e9moignages de femmes pour une action le 8 mars 2025<\/li>\n\n\n\n<li>Cr\u00e9ation d\u2019un nouveau site internet d\u2019ACPC<\/li>\n\n\n\n<li>Opposition au projet d\u2019artificialisation de la zone des vergers \u00e0 Champigneulles tel qu\u2019il est envisag\u00e9 dans le PLUI<\/li>\n\n\n\n<li>R\u00e9flexion pour un projet 2026 pour Champigneulles<\/li>\n\n\n\n<li>Evaluation de la qualit\u00e9 de l\u2019air dans la ville<\/li>\n\n\n\n<li>Opposition au d\u00e9ploiement de cam\u00e9ras de vid\u00e9osurveillance comme politique \u00ab\u00a0s\u00e9curit\u00e9\u00a0\u00bb de la ville<\/li>\n\n\n\n<li>Soutien aux groupes aidant les plus d\u00e9munis<\/li>\n\n\n\n<li>Implication des membres d\u2019ACPC dans des organismes et associations agissant pour la solidarit\u00e9.<\/li>\n\n\n\n<li>Promotion d\u2019une nouvelle \u00e9conomie et d\u00e9mocratie locale (concept de responsabilit\u00e9 soci\u00e9tale des organisations)<\/li>\n\n\n\n<li>\u2026<\/li>\n<\/ul>\n\n\n\n<p><strong><em><u>Ensemble<\/u>&nbsp;<\/em><\/strong>: Visons une vraie d\u00e9mocratie locale<\/p>\n\n\n\n<p><strong><em><u>Solidaires&nbsp;<\/u>:<\/em><\/strong> Visons l\u2019\u00e9quit\u00e9 entre les habitants et l\u2019identification de ceux qui ont besoin d\u2019un soutien.<\/p>\n\n\n\n<p><strong><em><u>Responsables<\/u><\/em><\/strong>&nbsp;: Visons la pr\u00e9servation de l\u2019environnement dans l\u2019\u00e9quilibre budg\u00e9taire<\/p>\n","protected":false},"excerpt":{"rendered":"<p>Etat civil&nbsp;: Association loi de 1901 &nbsp;&nbsp;Date de naissance&nbsp;: printemps 2008 Objet de l\u2019association ACPC&nbsp;: Lieu de d\u00e9bat et d\u2019action citoyenne, cette association a pour but de faire entendre et voir \u00e0 Champigneulles des id\u00e9es et des projets pour une soci\u00e9t\u00e9 plus juste et plus solidaire Adresse&nbsp;: 71 bis rue Jean Jaur\u00e8s 54250 Champigneulles (si\u00e8ge social) &#8230; Et toute la ville + la CCBP Mail&nbsp;: acpcchampi@laposte.net T\u00e9l&nbsp;: 06 66 14 27 91 Genre&nbsp;: Universel.le Valeurs&nbsp;: Ensemble, solidaires et responsables Exp\u00e9rience&nbsp;associative&#8230;<\/p>\n<p class=\"read-more\"><a class=\"btn btn-default\" href=\"https:\/\/acpcchampigneulles.fr\/index.php\/2024\/10\/29\/essai-2\/\">Lire la suite<span class=\"screen-reader-text\"> Lire la suite<\/span><\/a><\/p>\n","protected":false},"author":1,"featured_media":0,"comment_status":"open","ping_status":"open","sticky":false,"template":"","format":"standard","meta":{"footnotes":""},"categories":[10,11,1,15,14],"tags":[],"class_list":["post-61","post","type-post","status-publish","format-standard","hentry","category-democratie","category-ecologie","category-non-classe","category-responsabilite","category-solidarite"],"_links":{"self":[{"href":"https:\/\/acpcchampigneulles.fr\/index.php\/wp-json\/wp\/v2\/posts\/61","targetHints":{"allow":["GET"]}}],"collection":[{"href":"https:\/\/acpcchampigneulles.fr\/index.php\/wp-json\/wp\/v2\/posts"}],"about":[{"href":"https:\/\/acpcchampigneulles.fr\/index.php\/wp-json\/wp\/v2\/types\/post"}],"author":[{"embeddable":true,"href":"https:\/\/acpcchampigneulles.fr\/index.php\/wp-json\/wp\/v2\/users\/1"}],"replies":[{"embeddable":true,"href":"https:\/\/acpcchampigneulles.fr\/index.php\/wp-json\/wp\/v2\/comments?post=61"}],"version-history":[{"count":3,"href":"https:\/\/acpcchampigneulles.fr\/index.php\/wp-json\/wp\/v2\/posts\/61\/revisions"}],"predecessor-version":[{"id":75,"href":"https:\/\/acpcchampigneulles.fr\/index.php\/wp-json\/wp\/v2\/posts\/61\/revisions\/75"}],"wp:attachment":[{"href":"https:\/\/acpcchampigneulles.fr\/index.php\/wp-json\/wp\/v2\/media?parent=61"}],"wp:term":[{"taxonomy":"category","embeddable":true,"href":"https:\/\/acpcchampigneulles.fr\/index.php\/wp-json\/wp\/v2\/categories?post=61"},{"taxonomy":"post_tag","embeddable":true,"href":"https:\/\/acpcchampigneulles.fr\/index.php\/wp-json\/wp\/v2\/tags?post=61"}],"curies":[{"name":"wp","href":"https:\/\/api.w.org\/{rel}","templated":true}]}}